{"id":16873,"date":"2024-09-05T12:55:01","date_gmt":"2024-09-05T10:55:01","guid":{"rendered":"https:\/\/takecaremalaga.com\/celebrate-the-taste-of-malaga-feria-sabor-a-malaga-2024\/"},"modified":"2025-09-09T14:04:01","modified_gmt":"2025-09-09T14:04:01","slug":"feria-sabor-a-malaga-2024","status":"publish","type":"post","link":"https:\/\/takecaremalaga.com\/nl\/feria-sabor-a-malaga-2024\/","title":{"rendered":"Feria Sabor a M\u00e1laga &#8211; Fiesta del Boquer\u00f3n Victoriano 2024"},"content":{"rendered":"\t\t<div data-elementor-type=\"wp-post\" data-elementor-id=\"16873\" class=\"elementor elementor-16873\">\n\t\t\t\t\t\t<section class=\"elementor-section elementor-top-section elementor-element elementor-element-23ebde6 elementor-section-boxed elementor-section-height-default elementor-section-height-default\" data-id=\"23ebde6\" data-element_type=\"section\">\n\t\t\t\t\t\t<div class=\"elementor-container elementor-column-gap-default\">\n\t\t\t\t\t<div class=\"elementor-column elementor-col-100 elementor-top-column elementor-element elementor-element-ae6ac48\" data-id=\"ae6ac48\" data-element_type=\"column\">\n\t\t\t<div class=\"elementor-widget-wrap elementor-element-populated\">\n\t\t\t\t\t\t<div class=\"elementor-element elementor-element-5929132 elementor-widget elementor-widget-text-editor\" data-id=\"5929132\" data-element_type=\"widget\" data-widget_type=\"text-editor.default\">\n\t\t\t\t<div class=\"elementor-widget-container\">\n\t\t\t\t\t\t\t\t\t<p>Als je dit weekend op zoek bent naar een authentieke smaak van M\u00e1laga, dan is er geen betere plek dan de <b>Feria Sabor a M\u00e1laga \u2013 Fiesta del Boquer\u00f3n Victoriano 2024<\/b>, die plaatsvindt van<b> 6 tot 8 September<\/b>in het pittoreske kustplaatsje <b>Rinc\u00f3n de la Victoria<\/b>. Dit bijzondere evenement eert een van M\u00e1laga&#8217;s meest gekoesterde culinaire hoogstandjes &#8211; de <b>boquer\u00f3n victoriano<\/b> (Victoriaanse ansjovis), een lokale favoriet van zeevruchten die de smaken en tradities van de regio symboliseert.<\/p>\n\t\t\t\t\t\t\t\t<\/div>\n\t\t\t\t<\/div>\n\t\t\t\t<div class=\"elementor-element elementor-element-9f66c7f elementor-widget elementor-widget-heading\" data-id=\"9f66c7f\" data-element_type=\"widget\" data-widget_type=\"heading.default\">\n\t\t\t\t<div class=\"elementor-widget-container\">\n\t\t\t\t\t<h4 class=\"elementor-heading-title elementor-size-default\">\n          <span style=\"font-size: 16.3636px\">\n            <b>Een weekend vol smaak en traditie<\/b>\n          <\/span>\n        <\/h4>\t\t\t\t<\/div>\n\t\t\t\t<\/div>\n\t\t\t\t<div class=\"elementor-element elementor-element-6542b04 elementor-widget elementor-widget-text-editor\" data-id=\"6542b04\" data-element_type=\"widget\" data-widget_type=\"text-editor.default\">\n\t\t\t\t<div class=\"elementor-widget-container\">\n\t\t\t\t\t\t\t\t\t<p>De Feria Sabor a M\u00e1laga is meer dan alleen een foodfestival; het is een volledige viering van de cultuur, het erfgoed en de passie die dit zonovergoten gebied van Spanje rijk is. De <b>boquer\u00f3n<\/b>, een kleine, smaakvolle ansjovis, is al heel lang een hoofdbestanddeel van het M\u00e1lague\u00f1o dieet. Of je hem nu gebakken, gegrild of gemarineerd eet, deze vis is een waar symbool van het Middellandse Zeegebied.<\/p>\n<p>Het hele weekend lang zal Rinc\u00f3n de la Victoria tot leven komen met kraampjes, live kookdemonstraties en proeverijen die de veelzijdigheid van deze nederige maar heerlijke vis benadrukken. Het is de perfecte gelegenheid om te genieten van de vele manieren waarop boquerones worden bereid &#8211; of je nu een liefhebber van zeevruchten bent of deze lokale delicatesse voor het eerst probeert.<\/p>\n\t\t\t\t\t\t\t\t<\/div>\n\t\t\t\t<\/div>\n\t\t\t\t<div class=\"elementor-element elementor-element-ff0893d elementor-widget elementor-widget-image\" data-id=\"ff0893d\" data-element_type=\"widget\" data-widget_type=\"image.default\">\n\t\t\t\t<div class=\"elementor-widget-container\">\n\t\t\t\t\t\t\t\t\t\t\t\t\t\t\t\t<a href=\"https:\/\/www.saboramalaga.es\/es\/actualidad\/actividades\/feria-comarcal-sabor-a-malaga-en-rincon-de-la-victoria-p50004\">\n\t\t\t\t\t\t\t<img fetchpriority=\"high\" decoding=\"async\" width=\"300\" height=\"298\" src=\"https:\/\/takecaremalaga.com\/wp-content\/uploads\/2024\/09\/arc_412717_g-300x298.webp\" class=\"attachment-medium size-medium wp-image-16866\" alt=\"feria Sabor a malaga rincon de la victoria\" srcset=\"https:\/\/takecaremalaga.com\/wp-content\/uploads\/2024\/09\/arc_412717_g-300x298.webp 300w, https:\/\/takecaremalaga.com\/wp-content\/uploads\/2024\/09\/arc_412717_g-1024x1016.webp 1024w, https:\/\/takecaremalaga.com\/wp-content\/uploads\/2024\/09\/arc_412717_g-150x150.webp 150w, https:\/\/takecaremalaga.com\/wp-content\/uploads\/2024\/09\/arc_412717_g-768x762.webp 768w, https:\/\/takecaremalaga.com\/wp-content\/uploads\/2024\/09\/arc_412717_g-1536x1524.webp 1536w, https:\/\/takecaremalaga.com\/wp-content\/uploads\/2024\/09\/arc_412717_g-210x210.webp 210w, https:\/\/takecaremalaga.com\/wp-content\/uploads\/2024\/09\/arc_412717_g.webp 1550w\" sizes=\"(max-width: 300px) 100vw, 300px\" \/>\t\t\t\t\t\t\t\t<\/a>\n\t\t\t\t\t\t\t\t\t\t\t\t\t\t\t<\/div>\n\t\t\t\t<\/div>\n\t\t\t\t<div class=\"elementor-element elementor-element-834960d elementor-widget elementor-widget-heading\" data-id=\"834960d\" data-element_type=\"widget\" data-widget_type=\"heading.default\">\n\t\t\t\t<div class=\"elementor-widget-container\">\n\t\t\t\t\t<h4 class=\"elementor-heading-title elementor-size-default\">\n          <span style=\"font-size: 16.3636px\">\n            <b>Wat je kunt verwachten<\/b>\n          <\/span>\n        <\/h4>\t\t\t\t<\/div>\n\t\t\t\t<\/div>\n\t\t\t\t<div class=\"elementor-element elementor-element-85c39dc elementor-widget elementor-widget-text-editor\" data-id=\"85c39dc\" data-element_type=\"widget\" data-widget_type=\"text-editor.default\">\n\t\t\t\t<div class=\"elementor-widget-container\">\n\t\t\t\t\t\t\t\t\t<p>Terwijl je door het festival wandelt, vult de geur van vers bereide boquerones de lucht en laten chef-koks hun beste technieken zien. Naast het eten vind je een levendige sfeer van traditionele muziek en dans, die het hart en de ziel van Andalusi\u00eb tot leven brengen. Flamenco-optredens, ambachtelijke markten en kinderactiviteiten zorgen ervoor dat er voor elke bezoeker wel iets te beleven valt.<\/p>\n\t\t\t\t\t\t\t\t<\/div>\n\t\t\t\t<\/div>\n\t\t\t\t<div class=\"elementor-element elementor-element-3d47612 elementor-widget elementor-widget-heading\" data-id=\"3d47612\" data-element_type=\"widget\" data-widget_type=\"heading.default\">\n\t\t\t\t<div class=\"elementor-widget-container\">\n\t\t\t\t\t<h4 class=\"elementor-heading-title elementor-size-default\">\n          <span style=\"font-size: 16.3636px\">\n            <b>Hoogtepunten van de Feria:<\/b>\n          <\/span>\n        <\/h4>\t\t\t\t<\/div>\n\t\t\t\t<\/div>\n\t\t\t\t<div class=\"elementor-element elementor-element-cdacab9 elementor-widget elementor-widget-text-editor\" data-id=\"cdacab9\" data-element_type=\"widget\" data-widget_type=\"text-editor.default\">\n\t\t\t\t<div class=\"elementor-widget-container\">\n\t\t\t\t\t\t\t\t\t<ul>\n<li><b>Boquer\u00f3n Proeverijen: <\/b>Duik in een verscheidenheid van boquer\u00f3n gerechten, van de klassieke gebakken boquerones tot de gemarineerde in azijn, een typisch M\u00e1lague\u00f1o gerecht.<\/li>\n<li><b>Live Kookhows: <\/b>Bekijk lokale chef-koks in actie terwijl ze traditionele recepten bereiden, met tips en inzicht in de rijke culinaire geschiedenis van M\u00e1laga.<\/li>\n<li><b>Flamenco and Livemuziek:<\/b> Dompel jezelf onder in de ritmes van Andalusi\u00eb met live optredens die je rechtstreeks in het hart van de Spaanse cultuur brengen.<\/li>\n<li><b>Artisan Markets: <\/b>Ontdek lokale producten van het merk<b> Sabor a M\u00e1laga<\/b>, vari\u00ebrend van wijnen en olijfolie tot handgemaakte ambachten, die allemaal het unieke erfgoed van de regio vieren.<\/li>\n<\/ul>\n\t\t\t\t\t\t\t\t<\/div>\n\t\t\t\t<\/div>\n\t\t\t\t<div class=\"elementor-element elementor-element-f08f1e1 elementor-widget elementor-widget-image\" data-id=\"f08f1e1\" data-element_type=\"widget\" data-widget_type=\"image.default\">\n\t\t\t\t<div class=\"elementor-widget-container\">\n\t\t\t\t\t\t\t\t\t\t\t\t\t\t\t<img decoding=\"async\" width=\"488\" height=\"326\" src=\"https:\/\/takecaremalaga.com\/wp-content\/uploads\/2024\/09\/anchovy-2499353_1280-488x326.jpg\" class=\"attachment-property-thumb-image size-property-thumb-image wp-image-16863\" alt=\"feria sabor a malaga - boquerones\" srcset=\"https:\/\/takecaremalaga.com\/wp-content\/uploads\/2024\/09\/anchovy-2499353_1280-488x326.jpg 488w, https:\/\/takecaremalaga.com\/wp-content\/uploads\/2024\/09\/anchovy-2499353_1280-300x200.jpg 300w, https:\/\/takecaremalaga.com\/wp-content\/uploads\/2024\/09\/anchovy-2499353_1280-1024x682.jpg 1024w, https:\/\/takecaremalaga.com\/wp-content\/uploads\/2024\/09\/anchovy-2499353_1280-768x512.jpg 768w, https:\/\/takecaremalaga.com\/wp-content\/uploads\/2024\/09\/anchovy-2499353_1280-150x100.jpg 150w, https:\/\/takecaremalaga.com\/wp-content\/uploads\/2024\/09\/anchovy-2499353_1280.jpg 1280w\" sizes=\"(max-width: 488px) 100vw, 488px\" \/>\t\t\t\t\t\t\t\t\t\t\t\t\t\t\t<\/div>\n\t\t\t\t<\/div>\n\t\t\t\t<div class=\"elementor-element elementor-element-f4594c5 elementor-widget elementor-widget-heading\" data-id=\"f4594c5\" data-element_type=\"widget\" data-widget_type=\"heading.default\">\n\t\t\t\t<div class=\"elementor-widget-container\">\n\t\t\t\t\t<h4 class=\"elementor-heading-title elementor-size-default\">\n          <span style=\"font-size: 16.3636px\">\n            <b>Waarom je het niet mag missen<\/b>\n          <\/span>\n        <\/h4>\t\t\t\t<\/div>\n\t\t\t\t<\/div>\n\t\t\t\t<div class=\"elementor-element elementor-element-1bee2a1 elementor-widget elementor-widget-text-editor\" data-id=\"1bee2a1\" data-element_type=\"widget\" data-widget_type=\"text-editor.default\">\n\t\t\t\t<div class=\"elementor-widget-container\">\n\t\t\t\t\t\t\t\t\t<p>De <b>Feria Sabor a M\u00e1laga <\/b>is niet alleen een feest van eten &#8211; het is een venster op de authentieke levensstijl van M\u00e1lague\u00f1o. Of je nu langs het strand wandelt, luistert naar de klanken van de traditionele Spaanse gitaar of smult van een versgebakken boquer\u00f3n, dit festival biedt een meeslepende ervaring. Voor bezoekers en plaatselijke bewoners is het een niet te missen weekend vol feest, smaak en samenzijn.<\/p>\n\t\t\t\t\t\t\t\t<\/div>\n\t\t\t\t<\/div>\n\t\t\t\t<div class=\"elementor-element elementor-element-6e6dac7 elementor-widget elementor-widget-heading\" data-id=\"6e6dac7\" data-element_type=\"widget\" data-widget_type=\"heading.default\">\n\t\t\t\t<div class=\"elementor-widget-container\">\n\t\t\t\t\t<h4 class=\"elementor-heading-title elementor-size-default\">\n          <span style=\"font-size: 16.3636px\">\n            <b>Zo haal je het meeste uit je bezoek<\/b>\n          <\/span>\n        <\/h4>\t\t\t\t<\/div>\n\t\t\t\t<\/div>\n\t\t\t\t<div class=\"elementor-element elementor-element-4d5a269 elementor-widget elementor-widget-text-editor\" data-id=\"4d5a269\" data-element_type=\"widget\" data-widget_type=\"text-editor.default\">\n\t\t\t\t<div class=\"elementor-widget-container\">\n\t\t\t\t\t\t\t\t\t\n          <ul>\n            \n\n            <li><b>Kom vroeg<\/b> om het volledige festival te verkennen voordat het druk wordt. Zo krijg je de beste proeverijen en de kans om live demonstraties van dichtbij te bekijken.<\/li>\n            \n\n            <li>Neem een camera mee &#8211; Rinc\u00f3n de la Victoria&#8217;s adembenemende uitzichten over de kust en de levendige festivalsfeer bieden genoeg fotowaardige momenten.<\/li>\n            \n\n            <li>Zorg dat je de verfrissende <b>tinto de verano<\/b> niet mist, en combineer het met je boquerones terwijl je geniet van de muziek en optredens.<\/li>\n            \n\n            <li>Kijk eens naar het<a href=\"https:\/\/www.saboramalaga.es\/es\/actualidad\/actividades\/feria-comarcal-sabor-a-malaga-en-rincon-de-la-victoria-p50004\" target=\"_blank\">&nbsp;<\/a><a href=\"https:\/\/www.saboramalaga.es\/es\/actualidad\/actividades\/feria-comarcal-sabor-a-malaga-en-rincon-de-la-victoria-p50004\" target=\"_blank\">volledige programma van de&nbsp;<\/a> Feria <a href=\"https:\/\/www.saboramalaga.es\/es\/actualidad\/actividades\/feria-comarcal-sabor-a-malaga-en-rincon-de-la-victoria-p50004\" target=\"_blank\">Sabor a M\u00e1laga 2024&nbsp;hier<\/a>&nbsp;om volledig voorbereid te zijn.<\/li>\n            \n\n          <\/ul>\n        \t\t\t\t\t\t\t\t<\/div>\n\t\t\t\t<\/div>\n\t\t\t\t<div class=\"elementor-element elementor-element-26a2388 elementor-widget elementor-widget-heading\" data-id=\"26a2388\" data-element_type=\"widget\" data-widget_type=\"heading.default\">\n\t\t\t\t<div class=\"elementor-widget-container\">\n\t\t\t\t\t<h4 class=\"elementor-heading-title elementor-size-default\">\n          <span style=\"font-size: 16.3636px\">\n            <b>Vier mee<\/b>\n          <\/span>\n        <\/h4>\t\t\t\t<\/div>\n\t\t\t\t<\/div>\n\t\t\t\t<div class=\"elementor-element elementor-element-8668cbc elementor-widget elementor-widget-text-editor\" data-id=\"8668cbc\" data-element_type=\"widget\" data-widget_type=\"text-editor.default\">\n\t\t\t\t<div class=\"elementor-widget-container\">\n\t\t\t\t\t\t\t\t\t<p>Als je dit weekend in M\u00e1laga bent, is de <b>Feria Sabor a M\u00e1laga \u2013 Fiesta del Boquer\u00f3n Victoriano 2024<\/b> de perfecte manier om jezelf onder te dompelen in de rijke cultuur en geschiedenis van de regio. Kom met honger, blijf voor de muziek en vertrek met onvergetelijke herinneringen aan een unieke ervaring. Of je nu een foodlover bent of een reiziger die graag in de lokale tradities duikt, dit is een festival dat je niet wilt missen.<\/p>\n\t\t\t\t\t\t\t\t<\/div>\n\t\t\t\t<\/div>\n\t\t\t\t\t<\/div>\n\t\t<\/div>\n\t\t\t\t\t<\/div>\n\t\t<\/section>\n\t\t\t\t<\/div>\n\t\t","protected":false},"excerpt":{"rendered":"<p>Als je dit weekend op zoek bent naar een authentieke smaak van M\u00e1laga, dan is er geen betere plek dan de Feria Sabor a M\u00e1laga \u2013 Fiesta del Boquer\u00f3n Victoriano 2024, die plaatsvindt van 6 tot 8 Septemberin het pittoreske kustplaatsje Rinc\u00f3n de la Victoria. Dit bijzondere evenement eert een van M\u00e1laga&#8217;s meest gekoesterde culinaire&#8230;<\/p>\n","protected":false},"author":1,"featured_media":16853,"comment_status":"open","ping_status":"closed","sticky":false,"template":"","format":"standard","meta":{"footnotes":""},"categories":[233],"tags":[],"class_list":["post-16873","post","type-post","status-publish","format-standard","has-post-thumbnail","hentry","category-evenementen"],"yoast_head":"<!-- This site is optimized with the Yoast SEO plugin v27.4 - https:\/\/yoast.com\/product\/yoast-seo-wordpress\/ -->\n<title>Feria Sabor a M\u00e1laga - Fiesta del Boquer\u00f3n Victoriano 2024 - Take Care M\u00e1laga<\/title>\n<meta name=\"description\" content=\"Proef de smaken van M\u00e1laga op de Feria Sabor a M\u00e1laga 2024, in Rinc\u00f3n de la Victoria, met de lokale ansjovis delicatesse van 6 - 8 september.\" \/>\n<meta name=\"robots\" content=\"index, follow, max-snippet:-1, max-image-preview:large, max-video-preview:-1\" \/>\n<link rel=\"canonical\" href=\"https:\/\/takecaremalaga.com\/nl\/feria-sabor-a-malaga-2024\/\" \/>\n<meta property=\"og:locale\" content=\"nl_NL\" \/>\n<meta property=\"og:type\" content=\"article\" \/>\n<meta property=\"og:title\" content=\"Feria Sabor a M\u00e1laga - Fiesta del Boquer\u00f3n Victoriano 2024 - Take Care M\u00e1laga\" \/>\n<meta property=\"og:description\" content=\"Proef de smaken van M\u00e1laga op de Feria Sabor a M\u00e1laga 2024, in Rinc\u00f3n de la Victoria, met de lokale ansjovis delicatesse van 6 - 8 september.\" \/>\n<meta property=\"og:url\" content=\"https:\/\/takecaremalaga.com\/nl\/feria-sabor-a-malaga-2024\/\" \/>\n<meta property=\"og:site_name\" content=\"Take Care M\u00e1laga\" \/>\n<meta property=\"article:publisher\" content=\"https:\/\/www.facebook.com\/takecaremalaga\" \/>\n<meta property=\"article:published_time\" content=\"2024-09-05T10:55:01+00:00\" \/>\n<meta property=\"article:modified_time\" content=\"2025-09-09T14:04:01+00:00\" \/>\n<meta property=\"og:image\" content=\"https:\/\/takecaremalaga.com\/wp-content\/uploads\/2024\/09\/comarcal-rincon-de-la-victoria.jpg\" \/>\n\t<meta property=\"og:image:width\" content=\"1440\" \/>\n\t<meta property=\"og:image:height\" content=\"1080\" \/>\n\t<meta property=\"og:image:type\" content=\"image\/jpeg\" \/>\n<meta name=\"author\" content=\"TCM\" \/>\n<meta name=\"twitter:card\" content=\"summary_large_image\" \/>\n<meta name=\"twitter:label1\" content=\"Geschreven door\" \/>\n\t<meta name=\"twitter:data1\" content=\"TCM\" \/>\n\t<meta name=\"twitter:label2\" content=\"Geschatte leestijd\" \/>\n\t<meta name=\"twitter:data2\" content=\"3 minuten\" \/>\n<script type=\"application\/ld+json\" class=\"yoast-schema-graph\">{\"@context\":\"https:\\\/\\\/schema.org\",\"@graph\":[{\"@type\":\"Article\",\"@id\":\"https:\\\/\\\/takecaremalaga.com\\\/nl\\\/feria-sabor-a-malaga-2024\\\/#article\",\"isPartOf\":{\"@id\":\"https:\\\/\\\/takecaremalaga.com\\\/nl\\\/feria-sabor-a-malaga-2024\\\/\"},\"author\":{\"name\":\"TCM\",\"@id\":\"https:\\\/\\\/takecaremalaga.com\\\/nl\\\/#\\\/schema\\\/person\\\/8db37c2f89465548aadf6b962f78bf6d\"},\"headline\":\"Feria Sabor a M\u00e1laga &#8211; Fiesta del Boquer\u00f3n Victoriano 2024\",\"datePublished\":\"2024-09-05T10:55:01+00:00\",\"dateModified\":\"2025-09-09T14:04:01+00:00\",\"mainEntityOfPage\":{\"@id\":\"https:\\\/\\\/takecaremalaga.com\\\/nl\\\/feria-sabor-a-malaga-2024\\\/\"},\"wordCount\":671,\"commentCount\":0,\"publisher\":{\"@id\":\"https:\\\/\\\/takecaremalaga.com\\\/nl\\\/#organization\"},\"image\":{\"@id\":\"https:\\\/\\\/takecaremalaga.com\\\/nl\\\/feria-sabor-a-malaga-2024\\\/#primaryimage\"},\"thumbnailUrl\":\"https:\\\/\\\/takecaremalaga.com\\\/wp-content\\\/uploads\\\/2024\\\/09\\\/comarcal-rincon-de-la-victoria.jpg\",\"articleSection\":[\"Evenementen\"],\"inLanguage\":\"nl-NL\",\"potentialAction\":[{\"@type\":\"CommentAction\",\"name\":\"Comment\",\"target\":[\"https:\\\/\\\/takecaremalaga.com\\\/nl\\\/feria-sabor-a-malaga-2024\\\/#respond\"]}]},{\"@type\":\"WebPage\",\"@id\":\"https:\\\/\\\/takecaremalaga.com\\\/nl\\\/feria-sabor-a-malaga-2024\\\/\",\"url\":\"https:\\\/\\\/takecaremalaga.com\\\/nl\\\/feria-sabor-a-malaga-2024\\\/\",\"name\":\"Feria Sabor a M\u00e1laga - Fiesta del Boquer\u00f3n Victoriano 2024 - Take Care M\u00e1laga\",\"isPartOf\":{\"@id\":\"https:\\\/\\\/takecaremalaga.com\\\/nl\\\/#website\"},\"primaryImageOfPage\":{\"@id\":\"https:\\\/\\\/takecaremalaga.com\\\/nl\\\/feria-sabor-a-malaga-2024\\\/#primaryimage\"},\"image\":{\"@id\":\"https:\\\/\\\/takecaremalaga.com\\\/nl\\\/feria-sabor-a-malaga-2024\\\/#primaryimage\"},\"thumbnailUrl\":\"https:\\\/\\\/takecaremalaga.com\\\/wp-content\\\/uploads\\\/2024\\\/09\\\/comarcal-rincon-de-la-victoria.jpg\",\"datePublished\":\"2024-09-05T10:55:01+00:00\",\"dateModified\":\"2025-09-09T14:04:01+00:00\",\"description\":\"Proef de smaken van M\u00e1laga op de Feria Sabor a M\u00e1laga 2024, in Rinc\u00f3n de la Victoria, met de lokale ansjovis delicatesse van 6 - 8 september.\",\"breadcrumb\":{\"@id\":\"https:\\\/\\\/takecaremalaga.com\\\/nl\\\/feria-sabor-a-malaga-2024\\\/#breadcrumb\"},\"inLanguage\":\"nl-NL\",\"potentialAction\":[{\"@type\":\"ReadAction\",\"target\":[\"https:\\\/\\\/takecaremalaga.com\\\/nl\\\/feria-sabor-a-malaga-2024\\\/\"]}]},{\"@type\":\"ImageObject\",\"inLanguage\":\"nl-NL\",\"@id\":\"https:\\\/\\\/takecaremalaga.com\\\/nl\\\/feria-sabor-a-malaga-2024\\\/#primaryimage\",\"url\":\"https:\\\/\\\/takecaremalaga.com\\\/wp-content\\\/uploads\\\/2024\\\/09\\\/comarcal-rincon-de-la-victoria.jpg\",\"contentUrl\":\"https:\\\/\\\/takecaremalaga.com\\\/wp-content\\\/uploads\\\/2024\\\/09\\\/comarcal-rincon-de-la-victoria.jpg\",\"width\":1440,\"height\":1080,\"caption\":\"Sabor a M\u00e1laga Rincon de la Victoria\"},{\"@type\":\"BreadcrumbList\",\"@id\":\"https:\\\/\\\/takecaremalaga.com\\\/nl\\\/feria-sabor-a-malaga-2024\\\/#breadcrumb\",\"itemListElement\":[{\"@type\":\"ListItem\",\"position\":1,\"name\":\"Portada\",\"item\":\"https:\\\/\\\/takecaremalaga.com\\\/nl\\\/\"},{\"@type\":\"ListItem\",\"position\":2,\"name\":\"Feria Sabor a M\u00e1laga &#8211; Fiesta del Boquer\u00f3n Victoriano 2024\"}]},{\"@type\":\"WebSite\",\"@id\":\"https:\\\/\\\/takecaremalaga.com\\\/nl\\\/#website\",\"url\":\"https:\\\/\\\/takecaremalaga.com\\\/nl\\\/\",\"name\":\"Take Care M\u00e1laga\",\"description\":\"Vakantiewoningen in M\u00e1laga\",\"publisher\":{\"@id\":\"https:\\\/\\\/takecaremalaga.com\\\/nl\\\/#organization\"},\"potentialAction\":[{\"@type\":\"SearchAction\",\"target\":{\"@type\":\"EntryPoint\",\"urlTemplate\":\"https:\\\/\\\/takecaremalaga.com\\\/nl\\\/?s={search_term_string}\"},\"query-input\":{\"@type\":\"PropertyValueSpecification\",\"valueRequired\":true,\"valueName\":\"search_term_string\"}}],\"inLanguage\":\"nl-NL\"},{\"@type\":\"Organization\",\"@id\":\"https:\\\/\\\/takecaremalaga.com\\\/nl\\\/#organization\",\"name\":\"Take Care M\u00e1laga\",\"url\":\"https:\\\/\\\/takecaremalaga.com\\\/nl\\\/\",\"logo\":{\"@type\":\"ImageObject\",\"inLanguage\":\"nl-NL\",\"@id\":\"https:\\\/\\\/takecaremalaga.com\\\/nl\\\/#\\\/schema\\\/logo\\\/image\\\/\",\"url\":\"https:\\\/\\\/takecaremalaga.com\\\/wp-content\\\/uploads\\\/2020\\\/09\\\/logo-tcm-v2.png\",\"contentUrl\":\"https:\\\/\\\/takecaremalaga.com\\\/wp-content\\\/uploads\\\/2020\\\/09\\\/logo-tcm-v2.png\",\"width\":300,\"height\":100,\"caption\":\"Take Care M\u00e1laga\"},\"image\":{\"@id\":\"https:\\\/\\\/takecaremalaga.com\\\/nl\\\/#\\\/schema\\\/logo\\\/image\\\/\"},\"sameAs\":[\"https:\\\/\\\/www.facebook.com\\\/takecaremalaga\",\"https:\\\/\\\/www.instagram.com\\\/takecaremalaga\",\"https:\\\/\\\/www.linkedin.com\\\/company\\\/take-care-malaga\\\/\"]},{\"@type\":\"Person\",\"@id\":\"https:\\\/\\\/takecaremalaga.com\\\/nl\\\/#\\\/schema\\\/person\\\/8db37c2f89465548aadf6b962f78bf6d\",\"name\":\"TCM\",\"image\":{\"@type\":\"ImageObject\",\"inLanguage\":\"nl-NL\",\"@id\":\"https:\\\/\\\/secure.gravatar.com\\\/avatar\\\/fa31ed6333a6805c8050b4dbbc457b0821192a4ecc2cb00b495eccb68008110b?s=96&d=mm&r=g\",\"url\":\"https:\\\/\\\/secure.gravatar.com\\\/avatar\\\/fa31ed6333a6805c8050b4dbbc457b0821192a4ecc2cb00b495eccb68008110b?s=96&d=mm&r=g\",\"contentUrl\":\"https:\\\/\\\/secure.gravatar.com\\\/avatar\\\/fa31ed6333a6805c8050b4dbbc457b0821192a4ecc2cb00b495eccb68008110b?s=96&d=mm&r=g\",\"caption\":\"TCM\"},\"sameAs\":[\"http:\\\/\\\/dev.takecaremalaga.com\"],\"url\":\"https:\\\/\\\/takecaremalaga.com\\\/nl\\\/author\\\/netseo\\\/\"}]}<\/script>\n<!-- \/ Yoast SEO plugin. -->","yoast_head_json":{"title":"Feria Sabor a M\u00e1laga - Fiesta del Boquer\u00f3n Victoriano 2024 - Take Care M\u00e1laga","description":"Proef de smaken van M\u00e1laga op de Feria Sabor a M\u00e1laga 2024, in Rinc\u00f3n de la Victoria, met de lokale ansjovis delicatesse van 6 - 8 september.","robots":{"index":"index","follow":"follow","max-snippet":"max-snippet:-1","max-image-preview":"max-image-preview:large","max-video-preview":"max-video-preview:-1"},"canonical":"https:\/\/takecaremalaga.com\/nl\/feria-sabor-a-malaga-2024\/","og_locale":"nl_NL","og_type":"article","og_title":"Feria Sabor a M\u00e1laga - Fiesta del Boquer\u00f3n Victoriano 2024 - Take Care M\u00e1laga","og_description":"Proef de smaken van M\u00e1laga op de Feria Sabor a M\u00e1laga 2024, in Rinc\u00f3n de la Victoria, met de lokale ansjovis delicatesse van 6 - 8 september.","og_url":"https:\/\/takecaremalaga.com\/nl\/feria-sabor-a-malaga-2024\/","og_site_name":"Take Care M\u00e1laga","article_publisher":"https:\/\/www.facebook.com\/takecaremalaga","article_published_time":"2024-09-05T10:55:01+00:00","article_modified_time":"2025-09-09T14:04:01+00:00","og_image":[{"width":1440,"height":1080,"url":"https:\/\/takecaremalaga.com\/wp-content\/uploads\/2024\/09\/comarcal-rincon-de-la-victoria.jpg","type":"image\/jpeg"}],"author":"TCM","twitter_card":"summary_large_image","twitter_misc":{"Geschreven door":"TCM","Geschatte leestijd":"3 minuten"},"schema":{"@context":"https:\/\/schema.org","@graph":[{"@type":"Article","@id":"https:\/\/takecaremalaga.com\/nl\/feria-sabor-a-malaga-2024\/#article","isPartOf":{"@id":"https:\/\/takecaremalaga.com\/nl\/feria-sabor-a-malaga-2024\/"},"author":{"name":"TCM","@id":"https:\/\/takecaremalaga.com\/nl\/#\/schema\/person\/8db37c2f89465548aadf6b962f78bf6d"},"headline":"Feria Sabor a M\u00e1laga &#8211; Fiesta del Boquer\u00f3n Victoriano 2024","datePublished":"2024-09-05T10:55:01+00:00","dateModified":"2025-09-09T14:04:01+00:00","mainEntityOfPage":{"@id":"https:\/\/takecaremalaga.com\/nl\/feria-sabor-a-malaga-2024\/"},"wordCount":671,"commentCount":0,"publisher":{"@id":"https:\/\/takecaremalaga.com\/nl\/#organization"},"image":{"@id":"https:\/\/takecaremalaga.com\/nl\/feria-sabor-a-malaga-2024\/#primaryimage"},"thumbnailUrl":"https:\/\/takecaremalaga.com\/wp-content\/uploads\/2024\/09\/comarcal-rincon-de-la-victoria.jpg","articleSection":["Evenementen"],"inLanguage":"nl-NL","potentialAction":[{"@type":"CommentAction","name":"Comment","target":["https:\/\/takecaremalaga.com\/nl\/feria-sabor-a-malaga-2024\/#respond"]}]},{"@type":"WebPage","@id":"https:\/\/takecaremalaga.com\/nl\/feria-sabor-a-malaga-2024\/","url":"https:\/\/takecaremalaga.com\/nl\/feria-sabor-a-malaga-2024\/","name":"Feria Sabor a M\u00e1laga - Fiesta del Boquer\u00f3n Victoriano 2024 - Take Care M\u00e1laga","isPartOf":{"@id":"https:\/\/takecaremalaga.com\/nl\/#website"},"primaryImageOfPage":{"@id":"https:\/\/takecaremalaga.com\/nl\/feria-sabor-a-malaga-2024\/#primaryimage"},"image":{"@id":"https:\/\/takecaremalaga.com\/nl\/feria-sabor-a-malaga-2024\/#primaryimage"},"thumbnailUrl":"https:\/\/takecaremalaga.com\/wp-content\/uploads\/2024\/09\/comarcal-rincon-de-la-victoria.jpg","datePublished":"2024-09-05T10:55:01+00:00","dateModified":"2025-09-09T14:04:01+00:00","description":"Proef de smaken van M\u00e1laga op de Feria Sabor a M\u00e1laga 2024, in Rinc\u00f3n de la Victoria, met de lokale ansjovis delicatesse van 6 - 8 september.","breadcrumb":{"@id":"https:\/\/takecaremalaga.com\/nl\/feria-sabor-a-malaga-2024\/#breadcrumb"},"inLanguage":"nl-NL","potentialAction":[{"@type":"ReadAction","target":["https:\/\/takecaremalaga.com\/nl\/feria-sabor-a-malaga-2024\/"]}]},{"@type":"ImageObject","inLanguage":"nl-NL","@id":"https:\/\/takecaremalaga.com\/nl\/feria-sabor-a-malaga-2024\/#primaryimage","url":"https:\/\/takecaremalaga.com\/wp-content\/uploads\/2024\/09\/comarcal-rincon-de-la-victoria.jpg","contentUrl":"https:\/\/takecaremalaga.com\/wp-content\/uploads\/2024\/09\/comarcal-rincon-de-la-victoria.jpg","width":1440,"height":1080,"caption":"Sabor a M\u00e1laga Rincon de la Victoria"},{"@type":"BreadcrumbList","@id":"https:\/\/takecaremalaga.com\/nl\/feria-sabor-a-malaga-2024\/#breadcrumb","itemListElement":[{"@type":"ListItem","position":1,"name":"Portada","item":"https:\/\/takecaremalaga.com\/nl\/"},{"@type":"ListItem","position":2,"name":"Feria Sabor a M\u00e1laga &#8211; Fiesta del Boquer\u00f3n Victoriano 2024"}]},{"@type":"WebSite","@id":"https:\/\/takecaremalaga.com\/nl\/#website","url":"https:\/\/takecaremalaga.com\/nl\/","name":"Take Care M\u00e1laga","description":"Vakantiewoningen in M\u00e1laga","publisher":{"@id":"https:\/\/takecaremalaga.com\/nl\/#organization"},"potentialAction":[{"@type":"SearchAction","target":{"@type":"EntryPoint","urlTemplate":"https:\/\/takecaremalaga.com\/nl\/?s={search_term_string}"},"query-input":{"@type":"PropertyValueSpecification","valueRequired":true,"valueName":"search_term_string"}}],"inLanguage":"nl-NL"},{"@type":"Organization","@id":"https:\/\/takecaremalaga.com\/nl\/#organization","name":"Take Care M\u00e1laga","url":"https:\/\/takecaremalaga.com\/nl\/","logo":{"@type":"ImageObject","inLanguage":"nl-NL","@id":"https:\/\/takecaremalaga.com\/nl\/#\/schema\/logo\/image\/","url":"https:\/\/takecaremalaga.com\/wp-content\/uploads\/2020\/09\/logo-tcm-v2.png","contentUrl":"https:\/\/takecaremalaga.com\/wp-content\/uploads\/2020\/09\/logo-tcm-v2.png","width":300,"height":100,"caption":"Take Care M\u00e1laga"},"image":{"@id":"https:\/\/takecaremalaga.com\/nl\/#\/schema\/logo\/image\/"},"sameAs":["https:\/\/www.facebook.com\/takecaremalaga","https:\/\/www.instagram.com\/takecaremalaga","https:\/\/www.linkedin.com\/company\/take-care-malaga\/"]},{"@type":"Person","@id":"https:\/\/takecaremalaga.com\/nl\/#\/schema\/person\/8db37c2f89465548aadf6b962f78bf6d","name":"TCM","image":{"@type":"ImageObject","inLanguage":"nl-NL","@id":"https:\/\/secure.gravatar.com\/avatar\/fa31ed6333a6805c8050b4dbbc457b0821192a4ecc2cb00b495eccb68008110b?s=96&d=mm&r=g","url":"https:\/\/secure.gravatar.com\/avatar\/fa31ed6333a6805c8050b4dbbc457b0821192a4ecc2cb00b495eccb68008110b?s=96&d=mm&r=g","contentUrl":"https:\/\/secure.gravatar.com\/avatar\/fa31ed6333a6805c8050b4dbbc457b0821192a4ecc2cb00b495eccb68008110b?s=96&d=mm&r=g","caption":"TCM"},"sameAs":["http:\/\/dev.takecaremalaga.com"],"url":"https:\/\/takecaremalaga.com\/nl\/author\/netseo\/"}]}},"_links":{"self":[{"href":"https:\/\/takecaremalaga.com\/nl\/wp-json\/wp\/v2\/posts\/16873","targetHints":{"allow":["GET"]}}],"collection":[{"href":"https:\/\/takecaremalaga.com\/nl\/wp-json\/wp\/v2\/posts"}],"about":[{"href":"https:\/\/takecaremalaga.com\/nl\/wp-json\/wp\/v2\/types\/post"}],"author":[{"embeddable":true,"href":"https:\/\/takecaremalaga.com\/nl\/wp-json\/wp\/v2\/users\/1"}],"replies":[{"embeddable":true,"href":"https:\/\/takecaremalaga.com\/nl\/wp-json\/wp\/v2\/comments?post=16873"}],"version-history":[{"count":4,"href":"https:\/\/takecaremalaga.com\/nl\/wp-json\/wp\/v2\/posts\/16873\/revisions"}],"predecessor-version":[{"id":16880,"href":"https:\/\/takecaremalaga.com\/nl\/wp-json\/wp\/v2\/posts\/16873\/revisions\/16880"}],"wp:featuredmedia":[{"embeddable":true,"href":"https:\/\/takecaremalaga.com\/nl\/wp-json\/wp\/v2\/media\/16853"}],"wp:attachment":[{"href":"https:\/\/takecaremalaga.com\/nl\/wp-json\/wp\/v2\/media?parent=16873"}],"wp:term":[{"taxonomy":"category","embeddable":true,"href":"https:\/\/takecaremalaga.com\/nl\/wp-json\/wp\/v2\/categories?post=16873"},{"taxonomy":"post_tag","embeddable":true,"href":"https:\/\/takecaremalaga.com\/nl\/wp-json\/wp\/v2\/tags?post=16873"}],"curies":[{"name":"wp","href":"https:\/\/api.w.org\/{rel}","templated":true}]}}