{"id":16953,"date":"2024-09-05T12:55:01","date_gmt":"2024-09-05T10:55:01","guid":{"rendered":"https:\/\/takecaremalaga.com\/feria-sabor-a-malaga-2024\/"},"modified":"2025-09-09T14:04:45","modified_gmt":"2025-09-09T14:04:45","slug":"feria-sabor-a-malaga-2024","status":"publish","type":"post","link":"https:\/\/takecaremalaga.com\/es\/feria-sabor-a-malaga-2024\/","title":{"rendered":"Feria Sabor a M\u00e1laga &#8211; Fiesta del Boquer\u00f3n Victoriano 2024"},"content":{"rendered":"\t\t<div data-elementor-type=\"wp-post\" data-elementor-id=\"16953\" class=\"elementor elementor-16953\">\n\t\t\t\t\t\t<section class=\"elementor-section elementor-top-section elementor-element elementor-element-23ebde6 elementor-section-boxed elementor-section-height-default elementor-section-height-default\" data-id=\"23ebde6\" data-element_type=\"section\">\n\t\t\t\t\t\t<div class=\"elementor-container elementor-column-gap-default\">\n\t\t\t\t\t<div class=\"elementor-column elementor-col-100 elementor-top-column elementor-element elementor-element-ae6ac48\" data-id=\"ae6ac48\" data-element_type=\"column\">\n\t\t\t<div class=\"elementor-widget-wrap elementor-element-populated\">\n\t\t\t\t\t\t<div class=\"elementor-element elementor-element-5929132 elementor-widget elementor-widget-text-editor\" data-id=\"5929132\" data-element_type=\"widget\" data-widget_type=\"text-editor.default\">\n\t\t\t\t<div class=\"elementor-widget-container\">\n\t\t\t\t\t\t\t\t\t<p>Si este fin de semana quieres disfrutar del aut\u00e9ntico sabor malague\u00f1o, no hay mejor lugar que la <b>Feria Sabor a M\u00e1laga \u2013 Fiesta del Boquer\u00f3n Victoriano 2024<\/b>, , que se celebra del <b>September 6th to 8th<\/b> en la pintoresca localidad costera de <b>Rinc\u00f3n de la Victoria<\/b>. Este emocionante evento rinde homenaje a una de las delicias culinarias m\u00e1s preciadas de M\u00e1laga: el <b>boquer\u00f3n victoriano<\/b>, un marisco local que encarna los sabores y tradiciones de la regi\u00f3n.<\/p>\n\t\t\t\t\t\t\t\t<\/div>\n\t\t\t\t<\/div>\n\t\t\t\t<div class=\"elementor-element elementor-element-9f66c7f elementor-widget elementor-widget-heading\" data-id=\"9f66c7f\" data-element_type=\"widget\" data-widget_type=\"heading.default\">\n\t\t\t\t<div class=\"elementor-widget-container\">\n\t\t\t\t\t<h4 class=\"elementor-heading-title elementor-size-default\">\n          <span style=\"font-size: 16.3636px\">\n            <b>Un fin de semana de sabor y tradici\u00f3n<\/b>\n          <\/span>\n        <\/h4>\t\t\t\t<\/div>\n\t\t\t\t<\/div>\n\t\t\t\t<div class=\"elementor-element elementor-element-6542b04 elementor-widget elementor-widget-text-editor\" data-id=\"6542b04\" data-element_type=\"widget\" data-widget_type=\"text-editor.default\">\n\t\t\t\t<div class=\"elementor-widget-container\">\n\t\t\t\t\t\t\t\t\t<p>La Feria Sabor a M\u00e1laga es algo m\u00e1s que un festival gastron\u00f3mico; es una celebraci\u00f3n en toda regla de la cultura, el patrimonio y la pasi\u00f3n que recorren este soleado rinc\u00f3n de Espa\u00f1a. El <b>boquer\u00f3n<\/b>, una peque\u00f1a y sabrosa anchoa, ha sido durante mucho tiempo un alimento b\u00e1sico de la dieta malague\u00f1a. Frito, a la plancha o marinado, este pescado es un verdadero emblema del Mediterr\u00e1neo.<\/p>\n<p>Durante todo el fin de semana, el Rinc\u00f3n de la Victoria cobrar\u00e1 vida con puestos de comida, demostraciones de cocina en directo y degustaciones que pondr\u00e1n de relieve la versatilidad de este humilde pero delicioso pescado. Es la ocasi\u00f3n perfecta para deleitarse con las m\u00faltiples formas de preparar los boquerones, tanto si es aficionado al marisco como si prueba este manjar local por primera vez.<\/p>\n\t\t\t\t\t\t\t\t<\/div>\n\t\t\t\t<\/div>\n\t\t\t\t<div class=\"elementor-element elementor-element-ff0893d elementor-widget elementor-widget-image\" data-id=\"ff0893d\" data-element_type=\"widget\" data-widget_type=\"image.default\">\n\t\t\t\t<div class=\"elementor-widget-container\">\n\t\t\t\t\t\t\t\t\t\t\t\t\t\t\t\t<a href=\"https:\/\/www.saboramalaga.es\/es\/actualidad\/actividades\/feria-comarcal-sabor-a-malaga-en-rincon-de-la-victoria-p50004\">\n\t\t\t\t\t\t\t<img fetchpriority=\"high\" decoding=\"async\" width=\"300\" height=\"298\" src=\"https:\/\/takecaremalaga.com\/wp-content\/uploads\/2024\/09\/arc_412717_g-300x298.webp\" class=\"attachment-medium size-medium wp-image-16867\" alt=\"feria Sabor a malaga rincon de la victoria\" srcset=\"https:\/\/takecaremalaga.com\/wp-content\/uploads\/2024\/09\/arc_412717_g-300x298.webp 300w, https:\/\/takecaremalaga.com\/wp-content\/uploads\/2024\/09\/arc_412717_g-1024x1016.webp 1024w, https:\/\/takecaremalaga.com\/wp-content\/uploads\/2024\/09\/arc_412717_g-150x150.webp 150w, https:\/\/takecaremalaga.com\/wp-content\/uploads\/2024\/09\/arc_412717_g-768x762.webp 768w, https:\/\/takecaremalaga.com\/wp-content\/uploads\/2024\/09\/arc_412717_g-1536x1524.webp 1536w, https:\/\/takecaremalaga.com\/wp-content\/uploads\/2024\/09\/arc_412717_g-210x210.webp 210w, https:\/\/takecaremalaga.com\/wp-content\/uploads\/2024\/09\/arc_412717_g.webp 1550w\" sizes=\"(max-width: 300px) 100vw, 300px\" \/>\t\t\t\t\t\t\t\t<\/a>\n\t\t\t\t\t\t\t\t\t\t\t\t\t\t\t<\/div>\n\t\t\t\t<\/div>\n\t\t\t\t<div class=\"elementor-element elementor-element-834960d elementor-widget elementor-widget-heading\" data-id=\"834960d\" data-element_type=\"widget\" data-widget_type=\"heading.default\">\n\t\t\t\t<div class=\"elementor-widget-container\">\n\t\t\t\t\t<h4 class=\"elementor-heading-title elementor-size-default\">\n          <span style=\"font-size: 16.3636px\">\n            <b>Qu\u00e9 esperar<\/b>\n          <\/span>\n        <\/h4>\t\t\t\t<\/div>\n\t\t\t\t<\/div>\n\t\t\t\t<div class=\"elementor-element elementor-element-85c39dc elementor-widget elementor-widget-text-editor\" data-id=\"85c39dc\" data-element_type=\"widget\" data-widget_type=\"text-editor.default\">\n\t\t\t\t<div class=\"elementor-widget-container\">\n\t\t\t\t\t\t\t\t\t<p>Mientras pasea por el festival, el olor de los boquerones reci\u00e9n cocinados llenar\u00e1 el aire, y los chefs exhibir\u00e1n sus mejores t\u00e9cnicas. Junto a la comida, encontrar\u00e1 un animado ambiente de m\u00fasica y baile tradicionales, que dan vida al coraz\u00f3n y al alma de Andaluc\u00eda. Espect\u00e1culos flamencos, mercados artesanales y actividades infantiles garantizan que todos los visitantes disfruten.<\/p>\n\t\t\t\t\t\t\t\t<\/div>\n\t\t\t\t<\/div>\n\t\t\t\t<div class=\"elementor-element elementor-element-3d47612 elementor-widget elementor-widget-heading\" data-id=\"3d47612\" data-element_type=\"widget\" data-widget_type=\"heading.default\">\n\t\t\t\t<div class=\"elementor-widget-container\">\n\t\t\t\t\t<h4 class=\"elementor-heading-title elementor-size-default\">\n          <span style=\"font-size: 16.3636px\">\n            <b>Lo m\u00e1s destacado de la Feria:<\/b>\n          <\/span>\n        <\/h4>\t\t\t\t<\/div>\n\t\t\t\t<\/div>\n\t\t\t\t<div class=\"elementor-element elementor-element-cdacab9 elementor-widget elementor-widget-text-editor\" data-id=\"cdacab9\" data-element_type=\"widget\" data-widget_type=\"text-editor.default\">\n\t\t\t\t<div class=\"elementor-widget-container\">\n\t\t\t\t\t\t\t\t\t<ul>\n<li><b>Degustaci\u00f3n de boquerones: <\/b>Sum\u00e9rgete en una variedad de platos de boquer\u00f3n, desde los cl\u00e1sicos boquerones fritos hasta los marinados en vinagre, plato malague\u00f1o por excelencia.<\/li>\n<li><b>Cocina en directo: <\/b>Vea a los chefs locales en acci\u00f3n mientras preparan recetas tradicionales, ofreciendo consejos y conocimientos sobre la rica historia culinaria de M\u00e1laga.<\/li>\n<li><b>Flamenco y m\u00fasica en directo:<\/b> Sum\u00e9rjase en los ritmos de Andaluc\u00eda con actuaciones en directo que le transportar\u00e1n directamente al coraz\u00f3n de la cultura espa\u00f1ola.<\/li>\n<li><b>Mercados artesanales: <\/b>Descubra los productos locales de la marca<b> Sabor a M\u00e1laga<\/b>, desde vinos y aceites de oliva hasta artesan\u00eda hecha a mano, todo ello celebrando el patrimonio \u00fanico de la regi\u00f3n.<\/li>\n<\/ul>\n\t\t\t\t\t\t\t\t<\/div>\n\t\t\t\t<\/div>\n\t\t\t\t<div class=\"elementor-element elementor-element-f08f1e1 elementor-widget elementor-widget-image\" data-id=\"f08f1e1\" data-element_type=\"widget\" data-widget_type=\"image.default\">\n\t\t\t\t<div class=\"elementor-widget-container\">\n\t\t\t\t\t\t\t\t\t\t\t\t\t\t\t<img decoding=\"async\" width=\"488\" height=\"326\" src=\"https:\/\/takecaremalaga.com\/wp-content\/uploads\/2024\/09\/anchovy-2499353_1280-488x326.jpg\" class=\"attachment-property-thumb-image size-property-thumb-image wp-image-16864\" alt=\"feria sabor a malaga - boquerones\" srcset=\"https:\/\/takecaremalaga.com\/wp-content\/uploads\/2024\/09\/anchovy-2499353_1280-488x326.jpg 488w, https:\/\/takecaremalaga.com\/wp-content\/uploads\/2024\/09\/anchovy-2499353_1280-300x200.jpg 300w, https:\/\/takecaremalaga.com\/wp-content\/uploads\/2024\/09\/anchovy-2499353_1280-1024x682.jpg 1024w, https:\/\/takecaremalaga.com\/wp-content\/uploads\/2024\/09\/anchovy-2499353_1280-768x512.jpg 768w, https:\/\/takecaremalaga.com\/wp-content\/uploads\/2024\/09\/anchovy-2499353_1280-150x100.jpg 150w, https:\/\/takecaremalaga.com\/wp-content\/uploads\/2024\/09\/anchovy-2499353_1280.jpg 1280w\" sizes=\"(max-width: 488px) 100vw, 488px\" \/>\t\t\t\t\t\t\t\t\t\t\t\t\t\t\t<\/div>\n\t\t\t\t<\/div>\n\t\t\t\t<div class=\"elementor-element elementor-element-f4594c5 elementor-widget elementor-widget-heading\" data-id=\"f4594c5\" data-element_type=\"widget\" data-widget_type=\"heading.default\">\n\t\t\t\t<div class=\"elementor-widget-container\">\n\t\t\t\t\t<h4 class=\"elementor-heading-title elementor-size-default\">\n          <span style=\"font-size: 16.3636px\">\n            <b>Por qu\u00e9 no debe perd\u00e9rselo<\/b>\n          <\/span>\n        <\/h4>\t\t\t\t<\/div>\n\t\t\t\t<\/div>\n\t\t\t\t<div class=\"elementor-element elementor-element-1bee2a1 elementor-widget elementor-widget-text-editor\" data-id=\"1bee2a1\" data-element_type=\"widget\" data-widget_type=\"text-editor.default\">\n\t\t\t\t<div class=\"elementor-widget-container\">\n\t\t\t\t\t\t\t\t\t<p>La <b>Feria Sabor a M\u00e1laga <\/b>no es s\u00f3lo una celebraci\u00f3n gastron\u00f3mica, es una ventana abierta al aut\u00e9ntico estilo de vida malague\u00f1o. Ya sea paseando por la playa, escuchando los sonidos de la guitarra tradicional espa\u00f1ola o saboreando un boquer\u00f3n reci\u00e9n frito, este festival ofrece una experiencia realmente envolvente. Para visitantes y lugare\u00f1os por igual, es un fin de semana ineludible de celebraci\u00f3n, sabor y esp\u00edritu comunitario.<\/p>\n\t\t\t\t\t\t\t\t<\/div>\n\t\t\t\t<\/div>\n\t\t\t\t<div class=\"elementor-element elementor-element-6e6dac7 elementor-widget elementor-widget-heading\" data-id=\"6e6dac7\" data-element_type=\"widget\" data-widget_type=\"heading.default\">\n\t\t\t\t<div class=\"elementor-widget-container\">\n\t\t\t\t\t<h4 class=\"elementor-heading-title elementor-size-default\">\n          <span style=\"font-size: 16.3636px\">\n            <b>C\u00f3mo aprovechar al m\u00e1ximo su visita<\/b>\n          <\/span>\n        <\/h4>\t\t\t\t<\/div>\n\t\t\t\t<\/div>\n\t\t\t\t<div class=\"elementor-element elementor-element-4d5a269 elementor-widget elementor-widget-text-editor\" data-id=\"4d5a269\" data-element_type=\"widget\" data-widget_type=\"text-editor.default\">\n\t\t\t\t<div class=\"elementor-widget-container\">\n\t\t\t\t\t\t\t\t\t\n          <ul>\n            \n\n            <li><b>Llegue temprano<\/b> para explorar el festival al completo antes de que se agolpen las multitudes. As\u00ed obtendr\u00e1 las mejores degustaciones y la oportunidad de ver de cerca demostraciones en directo.<\/li>\n            \n\n            <li>Lleve una c\u00e1mara: las impresionantes vistas de la costa de Rinc\u00f3n de la Victoria y el animado ambiente festivo ofrecen multitud de momentos dignos de fotografiar.<\/li>\n            \n\n            <li>No te pierdas un refrescante <b>tinto de verano<\/b> para maridar con tus boquerones mientras disfrutas de la m\u00fasica y las actuaciones.<\/li>\n            \n\n            <li>Eche un vistazo al<a href=\"https:\/\/www.saboramalaga.es\/es\/actualidad\/actividades\/feria-comarcal-sabor-a-malaga-en-rincon-de-la-victoria-p50004\" target=\"_blank\">&nbsp;<\/a><a href=\"https:\/\/www.saboramalaga.es\/es\/actualidad\/actividades\/feria-comarcal-sabor-a-malaga-en-rincon-de-la-victoria-p50004\" target=\"_blank\">programa completo de la &nbsp;Feria Sabor a M\u00e1laga 2024&nbsp;<\/a>&nbsp;para estar totalmente preparado.<\/li>\n            \n\n          <\/ul>\n        \t\t\t\t\t\t\t\t<\/div>\n\t\t\t\t<\/div>\n\t\t\t\t<div class=\"elementor-element elementor-element-26a2388 elementor-widget elementor-widget-heading\" data-id=\"26a2388\" data-element_type=\"widget\" data-widget_type=\"heading.default\">\n\t\t\t\t<div class=\"elementor-widget-container\">\n\t\t\t\t\t<h4 class=\"elementor-heading-title elementor-size-default\">\n          <span style=\"font-size: 16.3636px\">\n            <b>\u00danete a la celebraci\u00f3n<\/b>\n          <\/span>\n        <\/h4>\t\t\t\t<\/div>\n\t\t\t\t<\/div>\n\t\t\t\t<div class=\"elementor-element elementor-element-8668cbc elementor-widget elementor-widget-text-editor\" data-id=\"8668cbc\" data-element_type=\"widget\" data-widget_type=\"text-editor.default\">\n\t\t\t\t<div class=\"elementor-widget-container\">\n\t\t\t\t\t\t\t\t\t<p>Si se encuentra en M\u00e1laga este fin de semana, la <b>Feria Sabor a M\u00e1laga \u2013 Fiesta del Boquer\u00f3n Victoriano 2024<\/b> es la manera perfecta de sumergirse en la rica cultura e historia de la regi\u00f3n. Venga con hambre, qu\u00e9dese para disfrutar de la m\u00fasica y v\u00e1yase con un recuerdo inolvidable de una experiencia verdaderamente \u00fanica. Tanto si es un amante de la gastronom\u00eda como un viajero deseoso de sumergirse en las tradiciones locales, \u00e9ste es un festival que no querr\u00e1 perderse.<\/p>\n\t\t\t\t\t\t\t\t<\/div>\n\t\t\t\t<\/div>\n\t\t\t\t\t<\/div>\n\t\t<\/div>\n\t\t\t\t\t<\/div>\n\t\t<\/section>\n\t\t\t\t<\/div>\n\t\t","protected":false},"excerpt":{"rendered":"<p>Si este fin de semana quieres disfrutar del aut\u00e9ntico sabor malague\u00f1o, no hay mejor lugar que la Feria Sabor a M\u00e1laga \u2013 Fiesta del Boquer\u00f3n Victoriano 2024, , que se celebra del September 6th to 8th en la pintoresca localidad costera de Rinc\u00f3n de la Victoria. Este emocionante evento rinde homenaje a una de las&#8230;<\/p>\n","protected":false},"author":1,"featured_media":16853,"comment_status":"open","ping_status":"closed","sticky":false,"template":"","format":"standard","meta":{"footnotes":""},"categories":[261],"tags":[],"class_list":["post-16953","post","type-post","status-publish","format-standard","has-post-thumbnail","hentry","category-eventos"],"yoast_head":"<!-- This site is optimized with the Yoast SEO plugin v27.4 - https:\/\/yoast.com\/product\/yoast-seo-wordpress\/ -->\n<title>Feria Sabor a M\u00e1laga - Fiesta del Boquer\u00f3n Victoriano 2024 - Take Care M\u00e1laga<\/title>\n<meta name=\"description\" content=\"Disfrute de los sabores malague\u00f1os en la Feria Sabor a M\u00e1laga 2024, en Rinc\u00f3n de la Victoria, que celebra el manjar local del boquer\u00f3n del 6 al 8 de septiembre.\" \/>\n<meta name=\"robots\" content=\"index, follow, max-snippet:-1, max-image-preview:large, max-video-preview:-1\" \/>\n<link rel=\"canonical\" href=\"https:\/\/takecaremalaga.com\/es\/feria-sabor-a-malaga-2024\/\" \/>\n<meta property=\"og:locale\" content=\"es_ES\" \/>\n<meta property=\"og:type\" content=\"article\" \/>\n<meta property=\"og:title\" content=\"Feria Sabor a M\u00e1laga - Fiesta del Boquer\u00f3n Victoriano 2024 - Take Care M\u00e1laga\" \/>\n<meta property=\"og:description\" content=\"Disfrute de los sabores malague\u00f1os en la Feria Sabor a M\u00e1laga 2024, en Rinc\u00f3n de la Victoria, que celebra el manjar local del boquer\u00f3n del 6 al 8 de septiembre.\" \/>\n<meta property=\"og:url\" content=\"https:\/\/takecaremalaga.com\/es\/feria-sabor-a-malaga-2024\/\" \/>\n<meta property=\"og:site_name\" content=\"Take Care M\u00e1laga\" \/>\n<meta property=\"article:publisher\" content=\"https:\/\/www.facebook.com\/takecaremalaga\" \/>\n<meta property=\"article:published_time\" content=\"2024-09-05T10:55:01+00:00\" \/>\n<meta property=\"article:modified_time\" content=\"2025-09-09T14:04:45+00:00\" \/>\n<meta property=\"og:image\" content=\"https:\/\/takecaremalaga.com\/wp-content\/uploads\/2024\/09\/comarcal-rincon-de-la-victoria.jpg\" \/>\n\t<meta property=\"og:image:width\" content=\"1440\" \/>\n\t<meta property=\"og:image:height\" content=\"1080\" \/>\n\t<meta property=\"og:image:type\" content=\"image\/jpeg\" \/>\n<meta name=\"author\" content=\"TCM\" \/>\n<meta name=\"twitter:card\" content=\"summary_large_image\" \/>\n<meta name=\"twitter:label1\" content=\"Escrito por\" \/>\n\t<meta name=\"twitter:data1\" content=\"TCM\" \/>\n\t<meta name=\"twitter:label2\" content=\"Tiempo de lectura\" \/>\n\t<meta name=\"twitter:data2\" content=\"4 minutos\" \/>\n<script type=\"application\/ld+json\" class=\"yoast-schema-graph\">{\"@context\":\"https:\\\/\\\/schema.org\",\"@graph\":[{\"@type\":\"Article\",\"@id\":\"https:\\\/\\\/takecaremalaga.com\\\/es\\\/feria-sabor-a-malaga-2024\\\/#article\",\"isPartOf\":{\"@id\":\"https:\\\/\\\/takecaremalaga.com\\\/es\\\/feria-sabor-a-malaga-2024\\\/\"},\"author\":{\"name\":\"TCM\",\"@id\":\"https:\\\/\\\/takecaremalaga.com\\\/es\\\/#\\\/schema\\\/person\\\/8db37c2f89465548aadf6b962f78bf6d\"},\"headline\":\"Feria Sabor a M\u00e1laga &#8211; Fiesta del Boquer\u00f3n Victoriano 2024\",\"datePublished\":\"2024-09-05T10:55:01+00:00\",\"dateModified\":\"2025-09-09T14:04:45+00:00\",\"mainEntityOfPage\":{\"@id\":\"https:\\\/\\\/takecaremalaga.com\\\/es\\\/feria-sabor-a-malaga-2024\\\/\"},\"wordCount\":731,\"commentCount\":0,\"publisher\":{\"@id\":\"https:\\\/\\\/takecaremalaga.com\\\/es\\\/#organization\"},\"image\":{\"@id\":\"https:\\\/\\\/takecaremalaga.com\\\/es\\\/feria-sabor-a-malaga-2024\\\/#primaryimage\"},\"thumbnailUrl\":\"https:\\\/\\\/takecaremalaga.com\\\/wp-content\\\/uploads\\\/2024\\\/09\\\/comarcal-rincon-de-la-victoria.jpg\",\"articleSection\":[\"Eventos\"],\"inLanguage\":\"es\",\"potentialAction\":[{\"@type\":\"CommentAction\",\"name\":\"Comment\",\"target\":[\"https:\\\/\\\/takecaremalaga.com\\\/es\\\/feria-sabor-a-malaga-2024\\\/#respond\"]}]},{\"@type\":\"WebPage\",\"@id\":\"https:\\\/\\\/takecaremalaga.com\\\/es\\\/feria-sabor-a-malaga-2024\\\/\",\"url\":\"https:\\\/\\\/takecaremalaga.com\\\/es\\\/feria-sabor-a-malaga-2024\\\/\",\"name\":\"Feria Sabor a M\u00e1laga - Fiesta del Boquer\u00f3n Victoriano 2024 - Take Care M\u00e1laga\",\"isPartOf\":{\"@id\":\"https:\\\/\\\/takecaremalaga.com\\\/es\\\/#website\"},\"primaryImageOfPage\":{\"@id\":\"https:\\\/\\\/takecaremalaga.com\\\/es\\\/feria-sabor-a-malaga-2024\\\/#primaryimage\"},\"image\":{\"@id\":\"https:\\\/\\\/takecaremalaga.com\\\/es\\\/feria-sabor-a-malaga-2024\\\/#primaryimage\"},\"thumbnailUrl\":\"https:\\\/\\\/takecaremalaga.com\\\/wp-content\\\/uploads\\\/2024\\\/09\\\/comarcal-rincon-de-la-victoria.jpg\",\"datePublished\":\"2024-09-05T10:55:01+00:00\",\"dateModified\":\"2025-09-09T14:04:45+00:00\",\"description\":\"Disfrute de los sabores malague\u00f1os en la Feria Sabor a M\u00e1laga 2024, en Rinc\u00f3n de la Victoria, que celebra el manjar local del boquer\u00f3n del 6 al 8 de septiembre.\",\"breadcrumb\":{\"@id\":\"https:\\\/\\\/takecaremalaga.com\\\/es\\\/feria-sabor-a-malaga-2024\\\/#breadcrumb\"},\"inLanguage\":\"es\",\"potentialAction\":[{\"@type\":\"ReadAction\",\"target\":[\"https:\\\/\\\/takecaremalaga.com\\\/es\\\/feria-sabor-a-malaga-2024\\\/\"]}]},{\"@type\":\"ImageObject\",\"inLanguage\":\"es\",\"@id\":\"https:\\\/\\\/takecaremalaga.com\\\/es\\\/feria-sabor-a-malaga-2024\\\/#primaryimage\",\"url\":\"https:\\\/\\\/takecaremalaga.com\\\/wp-content\\\/uploads\\\/2024\\\/09\\\/comarcal-rincon-de-la-victoria.jpg\",\"contentUrl\":\"https:\\\/\\\/takecaremalaga.com\\\/wp-content\\\/uploads\\\/2024\\\/09\\\/comarcal-rincon-de-la-victoria.jpg\",\"width\":1440,\"height\":1080,\"caption\":\"Sabor a M\u00e1laga Rincon de la Victoria\"},{\"@type\":\"BreadcrumbList\",\"@id\":\"https:\\\/\\\/takecaremalaga.com\\\/es\\\/feria-sabor-a-malaga-2024\\\/#breadcrumb\",\"itemListElement\":[{\"@type\":\"ListItem\",\"position\":1,\"name\":\"Portada\",\"item\":\"https:\\\/\\\/takecaremalaga.com\\\/es\\\/\"},{\"@type\":\"ListItem\",\"position\":2,\"name\":\"Feria Sabor a M\u00e1laga &#8211; Fiesta del Boquer\u00f3n Victoriano 2024\"}]},{\"@type\":\"WebSite\",\"@id\":\"https:\\\/\\\/takecaremalaga.com\\\/es\\\/#website\",\"url\":\"https:\\\/\\\/takecaremalaga.com\\\/es\\\/\",\"name\":\"Take Care M\u00e1laga\",\"description\":\"Propiedades Vacacionales en M\u00e1laga\",\"publisher\":{\"@id\":\"https:\\\/\\\/takecaremalaga.com\\\/es\\\/#organization\"},\"potentialAction\":[{\"@type\":\"SearchAction\",\"target\":{\"@type\":\"EntryPoint\",\"urlTemplate\":\"https:\\\/\\\/takecaremalaga.com\\\/es\\\/?s={search_term_string}\"},\"query-input\":{\"@type\":\"PropertyValueSpecification\",\"valueRequired\":true,\"valueName\":\"search_term_string\"}}],\"inLanguage\":\"es\"},{\"@type\":\"Organization\",\"@id\":\"https:\\\/\\\/takecaremalaga.com\\\/es\\\/#organization\",\"name\":\"Take Care M\u00e1laga\",\"url\":\"https:\\\/\\\/takecaremalaga.com\\\/es\\\/\",\"logo\":{\"@type\":\"ImageObject\",\"inLanguage\":\"es\",\"@id\":\"https:\\\/\\\/takecaremalaga.com\\\/es\\\/#\\\/schema\\\/logo\\\/image\\\/\",\"url\":\"https:\\\/\\\/takecaremalaga.com\\\/wp-content\\\/uploads\\\/2020\\\/09\\\/logo-tcm-v2.png\",\"contentUrl\":\"https:\\\/\\\/takecaremalaga.com\\\/wp-content\\\/uploads\\\/2020\\\/09\\\/logo-tcm-v2.png\",\"width\":300,\"height\":100,\"caption\":\"Take Care M\u00e1laga\"},\"image\":{\"@id\":\"https:\\\/\\\/takecaremalaga.com\\\/es\\\/#\\\/schema\\\/logo\\\/image\\\/\"},\"sameAs\":[\"https:\\\/\\\/www.facebook.com\\\/takecaremalaga\",\"https:\\\/\\\/www.instagram.com\\\/takecaremalaga\",\"https:\\\/\\\/www.linkedin.com\\\/company\\\/take-care-malaga\\\/\"]},{\"@type\":\"Person\",\"@id\":\"https:\\\/\\\/takecaremalaga.com\\\/es\\\/#\\\/schema\\\/person\\\/8db37c2f89465548aadf6b962f78bf6d\",\"name\":\"TCM\",\"image\":{\"@type\":\"ImageObject\",\"inLanguage\":\"es\",\"@id\":\"https:\\\/\\\/secure.gravatar.com\\\/avatar\\\/fa31ed6333a6805c8050b4dbbc457b0821192a4ecc2cb00b495eccb68008110b?s=96&d=mm&r=g\",\"url\":\"https:\\\/\\\/secure.gravatar.com\\\/avatar\\\/fa31ed6333a6805c8050b4dbbc457b0821192a4ecc2cb00b495eccb68008110b?s=96&d=mm&r=g\",\"contentUrl\":\"https:\\\/\\\/secure.gravatar.com\\\/avatar\\\/fa31ed6333a6805c8050b4dbbc457b0821192a4ecc2cb00b495eccb68008110b?s=96&d=mm&r=g\",\"caption\":\"TCM\"},\"sameAs\":[\"http:\\\/\\\/dev.takecaremalaga.com\"],\"url\":\"https:\\\/\\\/takecaremalaga.com\\\/es\\\/author\\\/netseo\\\/\"}]}<\/script>\n<!-- \/ Yoast SEO plugin. -->","yoast_head_json":{"title":"Feria Sabor a M\u00e1laga - Fiesta del Boquer\u00f3n Victoriano 2024 - Take Care M\u00e1laga","description":"Disfrute de los sabores malague\u00f1os en la Feria Sabor a M\u00e1laga 2024, en Rinc\u00f3n de la Victoria, que celebra el manjar local del boquer\u00f3n del 6 al 8 de septiembre.","robots":{"index":"index","follow":"follow","max-snippet":"max-snippet:-1","max-image-preview":"max-image-preview:large","max-video-preview":"max-video-preview:-1"},"canonical":"https:\/\/takecaremalaga.com\/es\/feria-sabor-a-malaga-2024\/","og_locale":"es_ES","og_type":"article","og_title":"Feria Sabor a M\u00e1laga - Fiesta del Boquer\u00f3n Victoriano 2024 - Take Care M\u00e1laga","og_description":"Disfrute de los sabores malague\u00f1os en la Feria Sabor a M\u00e1laga 2024, en Rinc\u00f3n de la Victoria, que celebra el manjar local del boquer\u00f3n del 6 al 8 de septiembre.","og_url":"https:\/\/takecaremalaga.com\/es\/feria-sabor-a-malaga-2024\/","og_site_name":"Take Care M\u00e1laga","article_publisher":"https:\/\/www.facebook.com\/takecaremalaga","article_published_time":"2024-09-05T10:55:01+00:00","article_modified_time":"2025-09-09T14:04:45+00:00","og_image":[{"width":1440,"height":1080,"url":"https:\/\/takecaremalaga.com\/wp-content\/uploads\/2024\/09\/comarcal-rincon-de-la-victoria.jpg","type":"image\/jpeg"}],"author":"TCM","twitter_card":"summary_large_image","twitter_misc":{"Escrito por":"TCM","Tiempo de lectura":"4 minutos"},"schema":{"@context":"https:\/\/schema.org","@graph":[{"@type":"Article","@id":"https:\/\/takecaremalaga.com\/es\/feria-sabor-a-malaga-2024\/#article","isPartOf":{"@id":"https:\/\/takecaremalaga.com\/es\/feria-sabor-a-malaga-2024\/"},"author":{"name":"TCM","@id":"https:\/\/takecaremalaga.com\/es\/#\/schema\/person\/8db37c2f89465548aadf6b962f78bf6d"},"headline":"Feria Sabor a M\u00e1laga &#8211; Fiesta del Boquer\u00f3n Victoriano 2024","datePublished":"2024-09-05T10:55:01+00:00","dateModified":"2025-09-09T14:04:45+00:00","mainEntityOfPage":{"@id":"https:\/\/takecaremalaga.com\/es\/feria-sabor-a-malaga-2024\/"},"wordCount":731,"commentCount":0,"publisher":{"@id":"https:\/\/takecaremalaga.com\/es\/#organization"},"image":{"@id":"https:\/\/takecaremalaga.com\/es\/feria-sabor-a-malaga-2024\/#primaryimage"},"thumbnailUrl":"https:\/\/takecaremalaga.com\/wp-content\/uploads\/2024\/09\/comarcal-rincon-de-la-victoria.jpg","articleSection":["Eventos"],"inLanguage":"es","potentialAction":[{"@type":"CommentAction","name":"Comment","target":["https:\/\/takecaremalaga.com\/es\/feria-sabor-a-malaga-2024\/#respond"]}]},{"@type":"WebPage","@id":"https:\/\/takecaremalaga.com\/es\/feria-sabor-a-malaga-2024\/","url":"https:\/\/takecaremalaga.com\/es\/feria-sabor-a-malaga-2024\/","name":"Feria Sabor a M\u00e1laga - Fiesta del Boquer\u00f3n Victoriano 2024 - Take Care M\u00e1laga","isPartOf":{"@id":"https:\/\/takecaremalaga.com\/es\/#website"},"primaryImageOfPage":{"@id":"https:\/\/takecaremalaga.com\/es\/feria-sabor-a-malaga-2024\/#primaryimage"},"image":{"@id":"https:\/\/takecaremalaga.com\/es\/feria-sabor-a-malaga-2024\/#primaryimage"},"thumbnailUrl":"https:\/\/takecaremalaga.com\/wp-content\/uploads\/2024\/09\/comarcal-rincon-de-la-victoria.jpg","datePublished":"2024-09-05T10:55:01+00:00","dateModified":"2025-09-09T14:04:45+00:00","description":"Disfrute de los sabores malague\u00f1os en la Feria Sabor a M\u00e1laga 2024, en Rinc\u00f3n de la Victoria, que celebra el manjar local del boquer\u00f3n del 6 al 8 de septiembre.","breadcrumb":{"@id":"https:\/\/takecaremalaga.com\/es\/feria-sabor-a-malaga-2024\/#breadcrumb"},"inLanguage":"es","potentialAction":[{"@type":"ReadAction","target":["https:\/\/takecaremalaga.com\/es\/feria-sabor-a-malaga-2024\/"]}]},{"@type":"ImageObject","inLanguage":"es","@id":"https:\/\/takecaremalaga.com\/es\/feria-sabor-a-malaga-2024\/#primaryimage","url":"https:\/\/takecaremalaga.com\/wp-content\/uploads\/2024\/09\/comarcal-rincon-de-la-victoria.jpg","contentUrl":"https:\/\/takecaremalaga.com\/wp-content\/uploads\/2024\/09\/comarcal-rincon-de-la-victoria.jpg","width":1440,"height":1080,"caption":"Sabor a M\u00e1laga Rincon de la Victoria"},{"@type":"BreadcrumbList","@id":"https:\/\/takecaremalaga.com\/es\/feria-sabor-a-malaga-2024\/#breadcrumb","itemListElement":[{"@type":"ListItem","position":1,"name":"Portada","item":"https:\/\/takecaremalaga.com\/es\/"},{"@type":"ListItem","position":2,"name":"Feria Sabor a M\u00e1laga &#8211; Fiesta del Boquer\u00f3n Victoriano 2024"}]},{"@type":"WebSite","@id":"https:\/\/takecaremalaga.com\/es\/#website","url":"https:\/\/takecaremalaga.com\/es\/","name":"Take Care M\u00e1laga","description":"Propiedades Vacacionales en M\u00e1laga","publisher":{"@id":"https:\/\/takecaremalaga.com\/es\/#organization"},"potentialAction":[{"@type":"SearchAction","target":{"@type":"EntryPoint","urlTemplate":"https:\/\/takecaremalaga.com\/es\/?s={search_term_string}"},"query-input":{"@type":"PropertyValueSpecification","valueRequired":true,"valueName":"search_term_string"}}],"inLanguage":"es"},{"@type":"Organization","@id":"https:\/\/takecaremalaga.com\/es\/#organization","name":"Take Care M\u00e1laga","url":"https:\/\/takecaremalaga.com\/es\/","logo":{"@type":"ImageObject","inLanguage":"es","@id":"https:\/\/takecaremalaga.com\/es\/#\/schema\/logo\/image\/","url":"https:\/\/takecaremalaga.com\/wp-content\/uploads\/2020\/09\/logo-tcm-v2.png","contentUrl":"https:\/\/takecaremalaga.com\/wp-content\/uploads\/2020\/09\/logo-tcm-v2.png","width":300,"height":100,"caption":"Take Care M\u00e1laga"},"image":{"@id":"https:\/\/takecaremalaga.com\/es\/#\/schema\/logo\/image\/"},"sameAs":["https:\/\/www.facebook.com\/takecaremalaga","https:\/\/www.instagram.com\/takecaremalaga","https:\/\/www.linkedin.com\/company\/take-care-malaga\/"]},{"@type":"Person","@id":"https:\/\/takecaremalaga.com\/es\/#\/schema\/person\/8db37c2f89465548aadf6b962f78bf6d","name":"TCM","image":{"@type":"ImageObject","inLanguage":"es","@id":"https:\/\/secure.gravatar.com\/avatar\/fa31ed6333a6805c8050b4dbbc457b0821192a4ecc2cb00b495eccb68008110b?s=96&d=mm&r=g","url":"https:\/\/secure.gravatar.com\/avatar\/fa31ed6333a6805c8050b4dbbc457b0821192a4ecc2cb00b495eccb68008110b?s=96&d=mm&r=g","contentUrl":"https:\/\/secure.gravatar.com\/avatar\/fa31ed6333a6805c8050b4dbbc457b0821192a4ecc2cb00b495eccb68008110b?s=96&d=mm&r=g","caption":"TCM"},"sameAs":["http:\/\/dev.takecaremalaga.com"],"url":"https:\/\/takecaremalaga.com\/es\/author\/netseo\/"}]}},"_links":{"self":[{"href":"https:\/\/takecaremalaga.com\/es\/wp-json\/wp\/v2\/posts\/16953","targetHints":{"allow":["GET"]}}],"collection":[{"href":"https:\/\/takecaremalaga.com\/es\/wp-json\/wp\/v2\/posts"}],"about":[{"href":"https:\/\/takecaremalaga.com\/es\/wp-json\/wp\/v2\/types\/post"}],"author":[{"embeddable":true,"href":"https:\/\/takecaremalaga.com\/es\/wp-json\/wp\/v2\/users\/1"}],"replies":[{"embeddable":true,"href":"https:\/\/takecaremalaga.com\/es\/wp-json\/wp\/v2\/comments?post=16953"}],"version-history":[{"count":1,"href":"https:\/\/takecaremalaga.com\/es\/wp-json\/wp\/v2\/posts\/16953\/revisions"}],"predecessor-version":[{"id":16954,"href":"https:\/\/takecaremalaga.com\/es\/wp-json\/wp\/v2\/posts\/16953\/revisions\/16954"}],"wp:featuredmedia":[{"embeddable":true,"href":"https:\/\/takecaremalaga.com\/es\/wp-json\/wp\/v2\/media\/16853"}],"wp:attachment":[{"href":"https:\/\/takecaremalaga.com\/es\/wp-json\/wp\/v2\/media?parent=16953"}],"wp:term":[{"taxonomy":"category","embeddable":true,"href":"https:\/\/takecaremalaga.com\/es\/wp-json\/wp\/v2\/categories?post=16953"},{"taxonomy":"post_tag","embeddable":true,"href":"https:\/\/takecaremalaga.com\/es\/wp-json\/wp\/v2\/tags?post=16953"}],"curies":[{"name":"wp","href":"https:\/\/api.w.org\/{rel}","templated":true}]}}